{"id":1816,"date":"2024-01-13T11:25:06","date_gmt":"2024-01-13T10:25:06","guid":{"rendered":"https:\/\/jeuneselusdefrance.fr\/home\/?p=1816"},"modified":"2024-01-13T11:25:57","modified_gmt":"2024-01-13T10:25:57","slug":"tribune-pour-la-visioconference-au-sein-des-assemblees-deliberantes-locales","status":"publish","type":"post","link":"https:\/\/jeuneselusdefrance.fr\/home\/tribune-pour-la-visioconference-au-sein-des-assemblees-deliberantes-locales\/","title":{"rendered":"Tribune : pour la visioconf\u00e9rence au sein des assembl\u00e9es d\u00e9lib\u00e9rantes locales !"},"content":{"rendered":"\n<p>Tribune \u00e0 <a href=\"https:\/\/www.lagazettedescommunes.com\/895270\/pour-la-visioconference-au-sein-des-assemblees-deliberantes-locales\/\">retrouver<\/a> dans <em>La Gazette des communes (06.11.2023).<\/em><\/p>\n\n\n\n<p><em>L\u2019Association des jeunes \u00e9lus de France (Ajef), qui rassemble des \u00e9lus locaux \u00e2g\u00e9s de 18 ans \u00e0 35 ans, appelle \u00e0 prendre en compte la visioconf\u00e9rence comme une participation valable au sein des assembl\u00e9es d\u00e9lib\u00e9rantes locales. Face \u00e0 la difficult\u00e9 de certains \u00e9lus de concilier vie professionnelle ou \u00e9tudiante, les jeunes \u00e9lus proposent une \u00e9volution l\u00e9gislative dans le cadre du projet de loi visant \u00e0 r\u00e9former le statut de l\u2019\u00e9lu attendu en 2024.<\/em><\/p>\n\n\n\n<p>Depuis les derni\u00e8res \u00e9lections municipales de 2020, pr\u00e8s de 4 000 \u00e9lus locaux ont d\u00e9missionn\u00e9 de leur mandat pour de multiples raisons. Parmi eux, 238 maires, 773 adjoints et 2 976 conseillers municipaux selon l\u2019Association des Maires de France (AMF). Le constat est alarmant. Allons-nous faire face \u00e0 une p\u00e9nurie d\u2019\u00e9lus locaux dans les ann\u00e9es \u00e0 venir ? Les raisons li\u00e9es \u00e0 la mont\u00e9e de la violence envers les \u00e9lus, au sentiment d\u2019impuissance, \u00e0 la difficult\u00e9 de concilier engagement et vie active ou encore \u00e0 un sentiment de d\u00e9ception sont r\u00e9guli\u00e8rement \u00e9voqu\u00e9es.<\/p>\n\n\n\n<h2 class=\"wp-block-heading\">Pour une prise en compte officielle dans le quorum<\/h2>\n\n\n\n<p>Bien que ces probl\u00e8mes ne puissent \u00eatre r\u00e9gl\u00e9s par un coup de baguette magique, nous, jeunes \u00e9lus locaux de diff\u00e9rents territoires et de partis politiques divers, proposons de prendre en compte la visioconf\u00e9rence au sein des assembl\u00e9es d\u00e9lib\u00e9rantes locales. Notre objectif est clair : renforcer l\u2019engagement de tous les \u00e9lus locaux ayant le sentiment d\u2019\u00eatre d\u00e9pass\u00e9s et de ne plus pouvoir assumer leurs missions avec leur vie professionnelle, \u00e9tudiante ou familiale. Chez les jeunes \u00e9lus, cette difficult\u00e9 est renforc\u00e9e en situation de premier mandat, de lieu d\u2019\u00e9tude dans une ville diff\u00e9rente ou encore de naissance d\u2019un enfant.<\/p>\n\n\n\n<p>\u00c0 ce jour, il est impossible de participer \u00e0 un conseil municipal ainsi qu\u2019\u00e0 une assembl\u00e9e d\u00e9partementale, r\u00e9gionale ou m\u00e9tropolitaine en visioconf\u00e9rence. L\u2019\u00e9lu pr\u00e9sent par un tel moyen ne peut l\u00e9galement pas \u00eatre pris en compte dans le quorum, d\u00e9finissant le nombre minimum de membres pr\u00e9sents pour qu\u2019une assembl\u00e9e puisse valablement d\u00e9lib\u00e9rer. Nous proposons une \u00e9volution l\u00e9gislative permettant de conf\u00e9rer davantage de flexibilit\u00e9 aux collectivit\u00e9s territoriales pour la tenue de leurs assembl\u00e9es, dans un esprit de modernit\u00e9. Pourquoi toutes les entreprises utiliseraient-elles la visioconf\u00e9rence comme outil de travail tandis que les collectivit\u00e9s territoriales seraient vou\u00e9es \u00e0 \u00eatre fossilis\u00e9es ?<\/p>\n\n\n\n<blockquote class=\"wp-block-quote is-layout-flow wp-block-quote-is-layout-flow\">\n<p>Oui, nous souhaitons que la visioconf\u00e9rence soit officiellement reconnue comme une pr\u00e9sence valable dans le quorum et dans l\u2019expression du vote !<\/p>\n<\/blockquote>\n\n\n\n<h2 class=\"wp-block-heading\">Des dispositions l\u00e9gales strictes<\/h2>\n\n\n\n<p>Afin de mettre en place une telle \u00e9volution tout en continuant de d\u00e9lib\u00e9rer sereinement dans nos territoires, nous proposons des dispositions l\u00e9gales strictes. D\u2019abord, l\u2019excuse de l\u2019absence de l\u2019\u00e9lu concern\u00e9 doit \u00eatre r\u00e9ellement motiv\u00e9e par un imp\u00e9ratif personnel ou professionnel, \u00e0 l\u2019image d\u2019un d\u00e9placement professionnel \u00e0 l\u2019\u00e9tranger ou d\u2019\u00e9tudes sup\u00e9rieures. Ensuite, il conviendra de fixer une jauge maximale de membres pouvant utiliser la visioconf\u00e9rence au sein des assembl\u00e9es afin de limiter cette pratique.<\/p>\n\n\n\n<p>En parall\u00e8le, le cadre l\u00e9gal pos\u00e9 devra \u00eatre limpide : les interdictions d\u2019\u00e9teindre sa cam\u00e9ra et de quitter son \u00e9cran devront \u00eatre clairement formul\u00e9es. Enfin, nous soulignons la n\u00e9cessit\u00e9 d\u2019interdire cette pratique pour les s\u00e9ances d\u00e9di\u00e9es aux budgets primitifs dans nos collectivit\u00e9s, dont les r\u00e8gles sont plus nombreuses et plus complexes et le contenu toujours plus dense. Il serait \u00e9galement judicieux de limiter le nombre d\u2019utilisations de la visioconf\u00e9rence comme outil de pr\u00e9sence en fixant un plafond par mandat.<\/p>\n\n\n\n<p>Cette proposition, formul\u00e9e dans un esprit constructif et transpartisan, vise \u00e0 am\u00e9liorer le quotidien des \u00e9lus locaux. Avec tant de d\u00e9missions et de d\u00e9sint\u00e9r\u00eat de la part des jeunes pour l\u2019engagement politique et local, il est temps de faire bouger les lignes. Nous ne pouvons plus nous permettre d\u2019attendre !<\/p>\n\n\n\n<p>Un r\u00e9el travail de r\u00e9flexion doit \u00eatre men\u00e9, nous y sommes pr\u00eats !<\/p>\n\n\n\n<ul class=\"wp-block-list\">\n<li><strong>Florent Rossi<\/strong>, Adjoint au Maire \u00e0 Auribeau-sur-Siagne (06), Pr\u00e9sident de l\u2019AJEF<\/li>\n\n\n\n<li><strong>Pauline Le Fur<\/strong>, Conseill\u00e8re municipale \u00e0 Fontenay-aux-Roses (92), 1\u00e8re Vice-Pr\u00e9sidente de l\u2019AJEF<\/li>\n\n\n\n<li><strong>Hugo Lemaitre<\/strong>, Conseiller municipal \u00e0 Semoy (45)<\/li>\n\n\n\n<li><strong>Ugo Planchet<\/strong>, Maire de Saint-Aignan-le-Jaillard (45)<\/li>\n\n\n\n<li><strong>Paul Baumelou<\/strong>, Conseiller municipal \u00e0 Saint-Cannat (13)<\/li>\n\n\n\n<li><strong>R\u00e9mi Capeau<\/strong>, Conseiller municipal \u00e0 Aix-en-Provence (13)<\/li>\n\n\n\n<li><strong>Flavien Cartier<\/strong>, Conseiller municipal \u00e0 Pleumartin (86)<\/li>\n\n\n\n<li><strong>Jules Chamoux<\/strong>, Adjoint au Maire au Vigan (30)<\/li>\n\n\n\n<li><strong>Thibaut Chancy<\/strong>, Conseiller municipal \u00e0 Biscarrosse (40)<\/li>\n\n\n\n<li><strong>Paul-\u00c9ric D\u00e8cle<\/strong>, Vice-pr\u00e9sident d\u2019Amiens M\u00e9tropole et Conseiller municipal \u00e0 Amiens (80)<\/li>\n\n\n\n<li><strong>Baptiste Dias-Ferreira<\/strong>, Conseiller municipal \u00e0 La Vaupali\u00e8re (76)<\/li>\n\n\n\n<li><strong>M\u00e9lina Elshoud<\/strong>, Conseill\u00e8re d\u00e9partementale de la Sarthe (72)<\/li>\n\n\n\n<li><strong>Nathan Fabbro<\/strong>, Adjoint au Maire \u00e0 \u00c9pinay-sur-Orge (91)<\/li>\n\n\n\n<li><strong>Alexandre Fieuzal<\/strong>, Conseiller municipal \u00e0 Balma (31)<\/li>\n\n\n\n<li><strong>Solal Gea<\/strong>, Conseiller municipal \u00e0 Montauban (82)<\/li>\n\n\n\n<li><strong>Alex Gerbaud<\/strong>, Conseiller municipal \u00e0 Saint-Junien (87)<\/li>\n\n\n\n<li><strong>Livia Graziani-Sanciu<\/strong>, Conseill\u00e8re municipale \u00e0 Bastia (2B)<\/li>\n\n\n\n<li><strong>Julien Jacquet<\/strong>, Conseiller municipal \u00e0 Dixmont (89)<\/li>\n\n\n\n<li><strong>H\u00e9l\u00e8ne Pollozec<\/strong>, Conseill\u00e8re d\u00e9partementale \u00e0 Mayotte (976)<\/li>\n\n\n\n<li><strong>Antoine Sigwalt<\/strong>, Conseiller d\u2019arrondissement \u00e0 Paris Centre (75)<\/li>\n\n\n\n<li><strong>Malo Tricca<\/strong>, Conseiller municipal \u00e0 Soucieu-en-Jarrest (69)<\/li>\n\n\n\n<li><strong>Thomas Vautrin<\/strong>, Conseiller municipal au Raincy (93)<\/li>\n<\/ul>\n","protected":false},"excerpt":{"rendered":"<p>Tribune \u00e0 retrouver dans La Gazette des communes (06.11.2023). L\u2019Association des jeunes \u00e9lus de France (Ajef), qui rassemble des \u00e9lus locaux \u00e2g\u00e9s de 18 ans \u00e0 35 ans, appelle \u00e0 prendre en compte la visioconf\u00e9rence comme une participation valable au sein des assembl\u00e9es d\u00e9lib\u00e9rantes locales. Face \u00e0 la difficult\u00e9 de certains \u00e9lus de concilier vie&hellip;&nbsp;<\/p>\n","protected":false},"author":9,"featured_media":0,"comment_status":"closed","ping_status":"closed","sticky":false,"template":"","format":"standard","meta":{"neve_meta_sidebar":"","neve_meta_container":"","neve_meta_enable_content_width":"","neve_meta_content_width":0,"neve_meta_title_alignment":"","neve_meta_author_avatar":"","neve_post_elements_order":"","neve_meta_disable_header":"","neve_meta_disable_footer":"","neve_meta_disable_title":"","footnotes":""},"categories":[4,15],"tags":[],"class_list":["post-1816","post","type-post","status-publish","format-standard","hentry","category-actualites","category-nationale"],"_links":{"self":[{"href":"https:\/\/jeuneselusdefrance.fr\/home\/wp-json\/wp\/v2\/posts\/1816","targetHints":{"allow":["GET"]}}],"collection":[{"href":"https:\/\/jeuneselusdefrance.fr\/home\/wp-json\/wp\/v2\/posts"}],"about":[{"href":"https:\/\/jeuneselusdefrance.fr\/home\/wp-json\/wp\/v2\/types\/post"}],"author":[{"embeddable":true,"href":"https:\/\/jeuneselusdefrance.fr\/home\/wp-json\/wp\/v2\/users\/9"}],"replies":[{"embeddable":true,"href":"https:\/\/jeuneselusdefrance.fr\/home\/wp-json\/wp\/v2\/comments?post=1816"}],"version-history":[{"count":1,"href":"https:\/\/jeuneselusdefrance.fr\/home\/wp-json\/wp\/v2\/posts\/1816\/revisions"}],"predecessor-version":[{"id":1817,"href":"https:\/\/jeuneselusdefrance.fr\/home\/wp-json\/wp\/v2\/posts\/1816\/revisions\/1817"}],"wp:attachment":[{"href":"https:\/\/jeuneselusdefrance.fr\/home\/wp-json\/wp\/v2\/media?parent=1816"}],"wp:term":[{"taxonomy":"category","embeddable":true,"href":"https:\/\/jeuneselusdefrance.fr\/home\/wp-json\/wp\/v2\/categories?post=1816"},{"taxonomy":"post_tag","embeddable":true,"href":"https:\/\/jeuneselusdefrance.fr\/home\/wp-json\/wp\/v2\/tags?post=1816"}],"curies":[{"name":"wp","href":"https:\/\/api.w.org\/{rel}","templated":true}]}}