{"id":681,"date":"2021-06-07T21:36:26","date_gmt":"2021-06-07T19:36:26","guid":{"rendered":"http:\/\/jeuneselusdefrance.fr\/home\/?p=681"},"modified":"2021-06-07T21:36:27","modified_gmt":"2021-06-07T19:36:27","slug":"lebureauvousinforme-nomination-de-livia-graziani-sanciu","status":"publish","type":"post","link":"http:\/\/jeuneselusdefrance.fr\/home\/lebureauvousinforme-nomination-de-livia-graziani-sanciu\/","title":{"rendered":"#LeBureauVousInforme : Nomination de Livia Graziani-Sanciu"},"content":{"rendered":"\n<p>Le Bureau vous informe que Madame Livia GRAZIANI-SANCIU, conseill\u00e8re municipale de Bastia, a \u00e9t\u00e9 nomm\u00e9e d\u00e9l\u00e9gu\u00e9e r\u00e9gionale de la f\u00e9d\u00e9ration des jeunes \u00e9lus de Corse le 25 mai 2021.<\/p>\n\n\n\n<p><a href=\"https:\/\/jeuneselusdefrance.fr\/home\/wp-content\/uploads\/2021\/05\/nomination-delib.pdf\">T\u00e9l\u00e9charger la d\u00e9lib\u00e9ration de nomination de Livia Graziani-Sanciu (25\/05\/2021)<\/a><\/p>\n","protected":false},"excerpt":{"rendered":"<p>Le Bureau vous informe que Madame Livia GRAZIANI-SANCIU, conseill\u00e8re municipale de Bastia, a \u00e9t\u00e9 nomm\u00e9e d\u00e9l\u00e9gu\u00e9e r\u00e9gionale de la f\u00e9d\u00e9ration des jeunes \u00e9lus de Corse le 25 mai 2021. T\u00e9l\u00e9charger la d\u00e9lib\u00e9ration de nomination de Livia Graziani-Sanciu (25\/05\/2021)<\/p>\n","protected":false},"author":1,"featured_media":683,"comment_status":"closed","ping_status":"closed","sticky":false,"template":"","format":"standard","meta":{"neve_meta_sidebar":"","neve_meta_container":"","neve_meta_enable_content_width":"","neve_meta_content_width":0,"neve_meta_title_alignment":"","neve_meta_author_avatar":"","neve_post_elements_order":"","neve_meta_disable_header":"","neve_meta_disable_footer":"","neve_meta_disable_title":"","footnotes":""},"categories":[4,15,16,29,1],"tags":[],"class_list":["post-681","post","type-post","status-publish","format-standard","has-post-thumbnail","hentry","category-actualites","category-nationale","category-actualites-regionales","category-corse","category-non-classe"],"_links":{"self":[{"href":"http:\/\/jeuneselusdefrance.fr\/home\/wp-json\/wp\/v2\/posts\/681","targetHints":{"allow":["GET"]}}],"collection":[{"href":"http:\/\/jeuneselusdefrance.fr\/home\/wp-json\/wp\/v2\/posts"}],"about":[{"href":"http:\/\/jeuneselusdefrance.fr\/home\/wp-json\/wp\/v2\/types\/post"}],"author":[{"embeddable":true,"href":"http:\/\/jeuneselusdefrance.fr\/home\/wp-json\/wp\/v2\/users\/1"}],"replies":[{"embeddable":true,"href":"http:\/\/jeuneselusdefrance.fr\/home\/wp-json\/wp\/v2\/comments?post=681"}],"version-history":[{"count":1,"href":"http:\/\/jeuneselusdefrance.fr\/home\/wp-json\/wp\/v2\/posts\/681\/revisions"}],"predecessor-version":[{"id":682,"href":"http:\/\/jeuneselusdefrance.fr\/home\/wp-json\/wp\/v2\/posts\/681\/revisions\/682"}],"wp:featuredmedia":[{"embeddable":true,"href":"http:\/\/jeuneselusdefrance.fr\/home\/wp-json\/wp\/v2\/media\/683"}],"wp:attachment":[{"href":"http:\/\/jeuneselusdefrance.fr\/home\/wp-json\/wp\/v2\/media?parent=681"}],"wp:term":[{"taxonomy":"category","embeddable":true,"href":"http:\/\/jeuneselusdefrance.fr\/home\/wp-json\/wp\/v2\/categories?post=681"},{"taxonomy":"post_tag","embeddable":true,"href":"http:\/\/jeuneselusdefrance.fr\/home\/wp-json\/wp\/v2\/tags?post=681"}],"curies":[{"name":"wp","href":"https:\/\/api.w.org\/{rel}","templated":true}]}}