{"id":1250,"date":"2023-02-20T17:49:20","date_gmt":"2023-02-20T16:49:20","guid":{"rendered":"http:\/\/jeuneselusdefrance.fr\/home\/?p=1250"},"modified":"2023-02-20T17:56:20","modified_gmt":"2023-02-20T16:56:20","slug":"compte-rendu-assemblee-generale-du-1-02-2023","status":"publish","type":"post","link":"http:\/\/jeuneselusdefrance.fr\/home\/compte-rendu-assemblee-generale-du-1-02-2023\/","title":{"rendered":"Compte-rendu Assembl\u00e9e G\u00e9n\u00e9rale du 1\/02\/2023"},"content":{"rendered":"\n<figure class=\"wp-block-image size-large\"><img loading=\"lazy\" decoding=\"async\" width=\"1024\" height=\"475\" src=\"https:\/\/jeuneselusdefrance.fr\/home\/wp-content\/uploads\/2023\/02\/Compte-rendu-AG-01022023-1-1024x475.jpg\" alt=\"\" class=\"wp-image-1256\" srcset=\"http:\/\/jeuneselusdefrance.fr\/home\/wp-content\/uploads\/2023\/02\/Compte-rendu-AG-01022023-1-1024x475.jpg 1024w, http:\/\/jeuneselusdefrance.fr\/home\/wp-content\/uploads\/2023\/02\/Compte-rendu-AG-01022023-1-300x139.jpg 300w, http:\/\/jeuneselusdefrance.fr\/home\/wp-content\/uploads\/2023\/02\/Compte-rendu-AG-01022023-1-768x356.jpg 768w, http:\/\/jeuneselusdefrance.fr\/home\/wp-content\/uploads\/2023\/02\/Compte-rendu-AG-01022023-1-1536x712.jpg 1536w, http:\/\/jeuneselusdefrance.fr\/home\/wp-content\/uploads\/2023\/02\/Compte-rendu-AG-01022023-1-2048x949.jpg 2048w\" sizes=\"auto, (max-width: 1024px) 100vw, 1024px\" \/><\/figure>\n\n\n\n<p>Chers membres de l&rsquo;AJEF,<\/p>\n\n\n\n<p>Vous trouverez dans cet article le compte-rendu de notre Assembl\u00e9e G\u00e9n\u00e9rale du 1er f\u00e9vrier 2023.<br>Vous avez \u00e9t\u00e9 nombreux \u00e0 y participer et \u00e0 intervenir, d\u00e9montrant votre int\u00e9r\u00eat \u00e0 la relance de notre association. Avec toute l&rsquo;\u00e9quipe du Bureau et les repr\u00e9sentants locaux de l&rsquo;association, nous avons \u00e9t\u00e9 touch\u00e9s par votre d\u00e9termination \u00e0 redynamiser l&rsquo;AJEF.<\/p>\n\n\n\n<p>Nous restons \u00e0 votre enti\u00e8re disposition et travaillons d\u00e9j\u00e0 sur les futurs projets de 2023 !<\/p>\n\n\n\n<p>Bien sinc\u00e8rement.<\/p>\n\n\n\n<p>Florent Rossi<br>Pr\u00e9sident de l&rsquo;AJEF<br>Et toute l&rsquo;\u00e9quipe<\/p>\n\n\n\n<p><\/p>\n\n\n\n<div class=\"wp-block-file\"><a href=\"https:\/\/jeuneselusdefrance.fr\/home\/wp-content\/uploads\/2023\/02\/Compte-rendu-AG-AJEF-1.02.23.pdf\">Compte rendu de l&rsquo;Assembl\u00e9e G\u00e9n\u00e9rale du 1.02.23<\/a><a href=\"https:\/\/jeuneselusdefrance.fr\/home\/wp-content\/uploads\/2023\/02\/Compte-rendu-AG-AJEF-1.02.23.pdf\" class=\"wp-block-file__button\" download><span class=\"has-inline-color has-white-color\"><strong>T\u00e9l\u00e9charger<\/strong><\/span><\/a><\/div>\n","protected":false},"excerpt":{"rendered":"<p>Chers membres de l&rsquo;AJEF, Vous trouverez dans cet article le compte-rendu de notre Assembl\u00e9e G\u00e9n\u00e9rale du 1er f\u00e9vrier 2023.Vous avez \u00e9t\u00e9 nombreux \u00e0 y participer et \u00e0 intervenir, d\u00e9montrant votre int\u00e9r\u00eat \u00e0 la relance de notre association. Avec toute l&rsquo;\u00e9quipe du Bureau et les repr\u00e9sentants locaux de l&rsquo;association, nous avons \u00e9t\u00e9 touch\u00e9s par votre d\u00e9termination&hellip;&nbsp;<\/p>\n","protected":false},"author":8,"featured_media":0,"comment_status":"closed","ping_status":"closed","sticky":true,"template":"","format":"standard","meta":{"neve_meta_sidebar":"","neve_meta_container":"","neve_meta_enable_content_width":"","neve_meta_content_width":0,"neve_meta_title_alignment":"","neve_meta_author_avatar":"","neve_post_elements_order":"","neve_meta_disable_header":"","neve_meta_disable_footer":"","neve_meta_disable_title":"","footnotes":""},"categories":[4,15],"tags":[],"class_list":["post-1250","post","type-post","status-publish","format-standard","hentry","category-actualites","category-nationale"],"_links":{"self":[{"href":"http:\/\/jeuneselusdefrance.fr\/home\/wp-json\/wp\/v2\/posts\/1250","targetHints":{"allow":["GET"]}}],"collection":[{"href":"http:\/\/jeuneselusdefrance.fr\/home\/wp-json\/wp\/v2\/posts"}],"about":[{"href":"http:\/\/jeuneselusdefrance.fr\/home\/wp-json\/wp\/v2\/types\/post"}],"author":[{"embeddable":true,"href":"http:\/\/jeuneselusdefrance.fr\/home\/wp-json\/wp\/v2\/users\/8"}],"replies":[{"embeddable":true,"href":"http:\/\/jeuneselusdefrance.fr\/home\/wp-json\/wp\/v2\/comments?post=1250"}],"version-history":[{"count":16,"href":"http:\/\/jeuneselusdefrance.fr\/home\/wp-json\/wp\/v2\/posts\/1250\/revisions"}],"predecessor-version":[{"id":1296,"href":"http:\/\/jeuneselusdefrance.fr\/home\/wp-json\/wp\/v2\/posts\/1250\/revisions\/1296"}],"wp:attachment":[{"href":"http:\/\/jeuneselusdefrance.fr\/home\/wp-json\/wp\/v2\/media?parent=1250"}],"wp:term":[{"taxonomy":"category","embeddable":true,"href":"http:\/\/jeuneselusdefrance.fr\/home\/wp-json\/wp\/v2\/categories?post=1250"},{"taxonomy":"post_tag","embeddable":true,"href":"http:\/\/jeuneselusdefrance.fr\/home\/wp-json\/wp\/v2\/tags?post=1250"}],"curies":[{"name":"wp","href":"https:\/\/api.w.org\/{rel}","templated":true}]}}