{"id":1187,"date":"2022-09-26T20:16:58","date_gmt":"2022-09-26T18:16:58","guid":{"rendered":"http:\/\/jeuneselusdefrance.fr\/home\/?p=1187"},"modified":"2022-09-26T20:16:59","modified_gmt":"2022-09-26T18:16:59","slug":"message-de-la-commission-electorale-de-lajef-concernant-les-elections","status":"publish","type":"post","link":"http:\/\/jeuneselusdefrance.fr\/home\/message-de-la-commission-electorale-de-lajef-concernant-les-elections\/","title":{"rendered":"Message de la Commission \u00c9lectorale de l&rsquo;AJEF concernant les \u00e9lections."},"content":{"rendered":"\n<p><em>Mesdames et Messieurs les \u00e9lus,&nbsp;<\/em><\/p>\n\n\n\n<p><em>Chers membres de l\u2019AJEF,<\/em><\/p>\n\n\n\n<p>Le conseil d\u2019administration s\u2019est r\u00e9uni afin d\u2019adopter \u00e0 l&rsquo;unanimit\u00e9\u00a0les modalit\u00e9s li\u00e9es \u00e0 l\u2019\u00e9lection de notre association suite \u00e0 la d\u00e9mission du bureau.\u00a0<\/p>\n\n\n\n<hr class=\"wp-block-separator\"\/>\n\n\n\n<p><strong><span class=\"has-inline-color has-vivid-cyan-blue-color\">DATES CL\u00c9S DE L&rsquo;\u00c9LECTION :<\/span><\/strong><\/p>\n\n\n\n<ul class=\"wp-block-list\"><li>&nbsp;<strong>9 octobre<\/strong>&nbsp;: fin du d\u00e9p\u00f4t des listes. \u00c9galement, fin des inscriptions sur les listes \u00e9lectorales, automatiques \u00e0 travers l\u2019adh\u00e9sion. Cela concerne les votants mais aussi les candidats. La t\u00eate de liste doit d\u00e9j\u00e0 avoir la qualit\u00e9 de membre de l\u2019association (soit \u00eatre \u00e0 jour de cotisation, soit se mettre \u00e0 jour avant le 9 octobre. Un nouvel adh\u00e9rent ne peut \u00eatre t\u00eate de liste, il peut toutefois \u00eatre colistier).<\/li><li><strong>15 &amp; 16 octobre<\/strong>&nbsp;: votre s\u00e9curis\u00e9 en ligne sur la plateforme&nbsp;<em>Balotilo<\/em>. (Horaires : du samedi 8h00 au dimanche 20h00).<\/li><\/ul>\n\n\n\n<hr class=\"wp-block-separator\"\/>\n\n\n\n<p><strong><span class=\"has-inline-color has-vivid-cyan-blue-color\">COMPOSITION DE LA LISTE :<\/span><\/strong><\/p>\n\n\n\n<ul class=\"wp-block-list\"><li>&nbsp;La liste doit \u00eatre compos\u00e9e de&nbsp;<strong>7 personnes<\/strong>.<\/li><li>Une liste ne peut \u00eatre compos\u00e9e d\u2019\u00e9lus exclusivement de la m\u00eame sensibilit\u00e9 politique. \u00c0 cet effet, la commission \u00e9lectorale assure le respect de cette obligation.<\/li><li>Pas de parit\u00e9 exig\u00e9e.&nbsp;<\/li><\/ul>\n\n\n\n<hr class=\"wp-block-separator\"\/>\n\n\n\n<p><strong><span class=\"has-inline-color has-vivid-cyan-blue-color\">COMPOSITION DE LA COMMISSION \u00c9LECTORALE :<\/span><\/strong><\/p>\n\n\n\n<ul class=\"wp-block-list\"><li>&nbsp;2 repr\u00e9sentants par liste.<\/li><li>2 personnes ne prenant pas part \u00e0 l\u2019\u00e9lection en tant que candidat t\u00eate de liste ou colistier.&nbsp;<\/li><li><strong>Pr\u00e9sidence de la commission assur\u00e9e par Solal GEA<\/strong>.&nbsp;<\/li><\/ul>\n\n\n\n<hr class=\"wp-block-separator\"\/>\n\n\n\n<p><strong><span class=\"has-inline-color has-vivid-red-color\">COMMENT V\u00c9RIFIER SI JE SUIS \u00c0 JOUR DE COTISATION ?<\/span><\/strong><\/p>\n\n\n\n<ol class=\"wp-block-list\"><li>Se rendre sur le site de l\u2019AJEF (<a href=\"https:\/\/jeuneselusdefrance.us5.list-manage.com\/track\/click?u=5dcc1a0c865eaace1bbe20576&amp;id=b52fdd272a&amp;e=a9a7a59da0\" target=\"_blank\" rel=\"noreferrer noopener\"><strong>jeuneselusdefrance.fr<\/strong><\/a>)<\/li><li>Aller dans la rubrique \u00ab&nbsp;adh\u00e9rer&nbsp;\u00bb&nbsp;<\/li><li>Cliquer sur adh\u00e9rer puis \u00ab&nbsp;d\u00e9j\u00e0 membre&nbsp;\u00bb&nbsp;<\/li><li>Se connecter \u00e0 son compte&nbsp;<\/li><li>Rubrique \u00ab&nbsp;mes adh\u00e9sions&nbsp;\u00bb&nbsp;<\/li><\/ol>\n\n\n\n<hr class=\"wp-block-separator\"\/>\n\n\n\n<p><strong>La commission \u00e9lectorale est joignable pour toute question relative \u00e0 l\u2019\u00e9lection. C\u2019est \u00e9galement celle-ci qui valide le d\u00e9p\u00f4t des listes.<\/strong><\/p>\n\n\n\n<p><strong>Contacter la commission \u00e9lectorale :&nbsp;<a href=\"mailto:commission-electorale@jeuneselusdefrance.fr\" target=\"_blank\" rel=\"noreferrer noopener\"><u>commission-electorale@jeuneselusdefrance.fr<\/u><\/a><\/strong><br>&nbsp;<\/p>\n\n\n\n<p><em>Sinc\u00e8rement,<\/em><br><em>La Commission \u00c9lectorale de l&rsquo;AJEF<\/em><\/p>\n","protected":false},"excerpt":{"rendered":"<p>Mesdames et Messieurs les \u00e9lus,&nbsp; Chers membres de l\u2019AJEF, Le conseil d\u2019administration s\u2019est r\u00e9uni afin d\u2019adopter \u00e0 l&rsquo;unanimit\u00e9\u00a0les modalit\u00e9s li\u00e9es \u00e0 l\u2019\u00e9lection de notre association suite \u00e0 la d\u00e9mission du bureau.\u00a0 DATES CL\u00c9S DE L&rsquo;\u00c9LECTION : &nbsp;9 octobre&nbsp;: fin du d\u00e9p\u00f4t des listes. \u00c9galement, fin des inscriptions sur les listes \u00e9lectorales, automatiques \u00e0 travers l\u2019adh\u00e9sion.&hellip;&nbsp;<\/p>\n","protected":false},"author":1,"featured_media":0,"comment_status":"closed","ping_status":"closed","sticky":false,"template":"","format":"standard","meta":{"neve_meta_sidebar":"","neve_meta_container":"","neve_meta_enable_content_width":"","neve_meta_content_width":0,"neve_meta_title_alignment":"","neve_meta_author_avatar":"","neve_post_elements_order":"","neve_meta_disable_header":"","neve_meta_disable_footer":"","neve_meta_disable_title":"","footnotes":""},"categories":[4,15,1],"tags":[],"class_list":["post-1187","post","type-post","status-publish","format-standard","hentry","category-actualites","category-nationale","category-non-classe"],"_links":{"self":[{"href":"http:\/\/jeuneselusdefrance.fr\/home\/wp-json\/wp\/v2\/posts\/1187","targetHints":{"allow":["GET"]}}],"collection":[{"href":"http:\/\/jeuneselusdefrance.fr\/home\/wp-json\/wp\/v2\/posts"}],"about":[{"href":"http:\/\/jeuneselusdefrance.fr\/home\/wp-json\/wp\/v2\/types\/post"}],"author":[{"embeddable":true,"href":"http:\/\/jeuneselusdefrance.fr\/home\/wp-json\/wp\/v2\/users\/1"}],"replies":[{"embeddable":true,"href":"http:\/\/jeuneselusdefrance.fr\/home\/wp-json\/wp\/v2\/comments?post=1187"}],"version-history":[{"count":1,"href":"http:\/\/jeuneselusdefrance.fr\/home\/wp-json\/wp\/v2\/posts\/1187\/revisions"}],"predecessor-version":[{"id":1188,"href":"http:\/\/jeuneselusdefrance.fr\/home\/wp-json\/wp\/v2\/posts\/1187\/revisions\/1188"}],"wp:attachment":[{"href":"http:\/\/jeuneselusdefrance.fr\/home\/wp-json\/wp\/v2\/media?parent=1187"}],"wp:term":[{"taxonomy":"category","embeddable":true,"href":"http:\/\/jeuneselusdefrance.fr\/home\/wp-json\/wp\/v2\/categories?post=1187"},{"taxonomy":"post_tag","embeddable":true,"href":"http:\/\/jeuneselusdefrance.fr\/home\/wp-json\/wp\/v2\/tags?post=1187"}],"curies":[{"name":"wp","href":"https:\/\/api.w.org\/{rel}","templated":true}]}}