{"id":1092,"date":"2021-11-23T18:45:45","date_gmt":"2021-11-23T17:45:45","guid":{"rendered":"http:\/\/jeuneselusdefrance.fr\/home\/?p=1092"},"modified":"2021-11-23T18:45:46","modified_gmt":"2021-11-23T17:45:46","slug":"modification-des-statuts-de-lajef","status":"publish","type":"post","link":"http:\/\/jeuneselusdefrance.fr\/home\/modification-des-statuts-de-lajef\/","title":{"rendered":"Modification des statuts de l&rsquo;AJEF"},"content":{"rendered":"\n<p>Mesdames &amp; Messieurs,<\/p>\n\n\n\n<p>Samedi dernier \u00e0 20H00, le Pr\u00e9sident a proclam\u00e9 les r\u00e9sultats du vote concernant la proposition de modification des statuts.<\/p>\n\n\n\n<div class=\"wp-block-image\"><figure class=\"aligncenter size-large\"><img loading=\"lazy\" decoding=\"async\" width=\"1024\" height=\"538\" src=\"https:\/\/jeuneselusdefrance.fr\/home\/wp-content\/uploads\/2021\/11\/resultat-final-copie-1024x538.png\" alt=\"\" class=\"wp-image-1107\" srcset=\"http:\/\/jeuneselusdefrance.fr\/home\/wp-content\/uploads\/2021\/11\/resultat-final-copie-1024x538.png 1024w, http:\/\/jeuneselusdefrance.fr\/home\/wp-content\/uploads\/2021\/11\/resultat-final-copie-300x158.png 300w, http:\/\/jeuneselusdefrance.fr\/home\/wp-content\/uploads\/2021\/11\/resultat-final-copie-768x403.png 768w, http:\/\/jeuneselusdefrance.fr\/home\/wp-content\/uploads\/2021\/11\/resultat-final-copie.png 1200w\" sizes=\"auto, (max-width: 1024px) 100vw, 1024px\" \/><\/figure><\/div>\n\n\n\n<p><strong>Les modifications :<\/strong><\/p>\n\n\n\n<ul class=\"wp-block-list\"><li>Cr\u00e9ation de la Commission Nationale des Litiges<\/li><li>Passage de 18-30 ans \u00e0 18-35 ans<\/li><li>Modification des comp\u00e9tences de la Commission Electorale<\/li><\/ul>\n","protected":false},"excerpt":{"rendered":"<p>Mesdames &amp; Messieurs, Samedi dernier \u00e0 20H00, le Pr\u00e9sident a proclam\u00e9 les r\u00e9sultats du vote concernant la proposition de modification des statuts. Les modifications : Cr\u00e9ation de la Commission Nationale des Litiges Passage de 18-30 ans \u00e0 18-35 ans Modification des comp\u00e9tences de la Commission Electorale<\/p>\n","protected":false},"author":1,"featured_media":1107,"comment_status":"closed","ping_status":"closed","sticky":false,"template":"","format":"standard","meta":{"neve_meta_sidebar":"","neve_meta_container":"","neve_meta_enable_content_width":"","neve_meta_content_width":0,"neve_meta_title_alignment":"","neve_meta_author_avatar":"","neve_post_elements_order":"","neve_meta_disable_header":"","neve_meta_disable_footer":"","neve_meta_disable_title":"","footnotes":""},"categories":[4,15],"tags":[],"class_list":["post-1092","post","type-post","status-publish","format-standard","has-post-thumbnail","hentry","category-actualites","category-nationale"],"_links":{"self":[{"href":"http:\/\/jeuneselusdefrance.fr\/home\/wp-json\/wp\/v2\/posts\/1092","targetHints":{"allow":["GET"]}}],"collection":[{"href":"http:\/\/jeuneselusdefrance.fr\/home\/wp-json\/wp\/v2\/posts"}],"about":[{"href":"http:\/\/jeuneselusdefrance.fr\/home\/wp-json\/wp\/v2\/types\/post"}],"author":[{"embeddable":true,"href":"http:\/\/jeuneselusdefrance.fr\/home\/wp-json\/wp\/v2\/users\/1"}],"replies":[{"embeddable":true,"href":"http:\/\/jeuneselusdefrance.fr\/home\/wp-json\/wp\/v2\/comments?post=1092"}],"version-history":[{"count":2,"href":"http:\/\/jeuneselusdefrance.fr\/home\/wp-json\/wp\/v2\/posts\/1092\/revisions"}],"predecessor-version":[{"id":1108,"href":"http:\/\/jeuneselusdefrance.fr\/home\/wp-json\/wp\/v2\/posts\/1092\/revisions\/1108"}],"wp:featuredmedia":[{"embeddable":true,"href":"http:\/\/jeuneselusdefrance.fr\/home\/wp-json\/wp\/v2\/media\/1107"}],"wp:attachment":[{"href":"http:\/\/jeuneselusdefrance.fr\/home\/wp-json\/wp\/v2\/media?parent=1092"}],"wp:term":[{"taxonomy":"category","embeddable":true,"href":"http:\/\/jeuneselusdefrance.fr\/home\/wp-json\/wp\/v2\/categories?post=1092"},{"taxonomy":"post_tag","embeddable":true,"href":"http:\/\/jeuneselusdefrance.fr\/home\/wp-json\/wp\/v2\/tags?post=1092"}],"curies":[{"name":"wp","href":"https:\/\/api.w.org\/{rel}","templated":true}]}}